{"id":1136,"date":"2017-11-19T20:41:41","date_gmt":"2017-11-19T20:41:41","guid":{"rendered":"http:\/\/www.editions-monelle-hayot.com\/?p=1136"},"modified":"2017-11-19T20:41:41","modified_gmt":"2017-11-19T20:41:41","slug":"librairie-lardanchet","status":"publish","type":"post","link":"https:\/\/www.editions-monelle-hayot.com\/en\/2017\/11\/librairie-lardanchet\/","title":{"rendered":"Librairie Lardanchet"},"content":{"rendered":"<p><img loading=\"lazy\" decoding=\"async\" class=\"wp-image-1108 size-medium alignleft\" src=\"http:\/\/www.editions-monelle-hayot.com\/wp-content\/uploads\/2017\/10\/editions-monelle-hayot_tremois-couv-24_10-318x400.jpg\" alt=\"\" width=\"318\" height=\"400\" srcset=\"https:\/\/www.editions-monelle-hayot.com\/wp-content\/uploads\/2017\/10\/editions-monelle-hayot_tremois-couv-24_10-318x400.jpg 318w, https:\/\/www.editions-monelle-hayot.com\/wp-content\/uploads\/2017\/10\/editions-monelle-hayot_tremois-couv-24_10-150x189.jpg 150w, https:\/\/www.editions-monelle-hayot.com\/wp-content\/uploads\/2017\/10\/editions-monelle-hayot_tremois-couv-24_10-600x755.jpg 600w, https:\/\/www.editions-monelle-hayot.com\/wp-content\/uploads\/2017\/10\/editions-monelle-hayot_tremois-couv-24_10-119x150.jpg 119w, https:\/\/www.editions-monelle-hayot.com\/wp-content\/uploads\/2017\/10\/editions-monelle-hayot_tremois-couv-24_10-768x966.jpg 768w, https:\/\/www.editions-monelle-hayot.com\/wp-content\/uploads\/2017\/10\/editions-monelle-hayot_tremois-couv-24_10-159x200.jpg 159w, https:\/\/www.editions-monelle-hayot.com\/wp-content\/uploads\/2017\/10\/editions-monelle-hayot_tremois-couv-24_10.jpg 795w\" sizes=\"auto, (max-width: 318px) 100vw, 318px\" \/>A l&#8217;occasion des 70 ans de la librairie Lardanchet et de la publication de l&#8217;ouvrage &#8220;TR\u00c9MOIS catalogue raisonn\u00e9&#8221; la librairie Lardanchet et les \u00e9ditions Monelle Hayot ont le plaisir de vous convier le jeudi 30 novembre 2017 de 18h \u00e0 20h30 \u00e0 venir rencontrer l&#8217;artiste et l&#8217;auteur lors d&#8217;une s\u00e9ance de d\u00e9dicace.<br \/>\n100 rue du faubourg Saint-Honor\u00e9, Paris 8<sup>e<\/sup><\/p>\n","protected":false},"excerpt":{"rendered":"<p>A l&#8217;occasion des 70 ans de la librairie Lardanchet et de la publication de l&#8217;ouvrage &#8220;TR\u00c9MOIS catalogue raisonn\u00e9&#8221; la librairie Lardanchet et les \u00e9ditions Monelle Hayot ont le plaisir de vous convier le jeudi 30 novembre 2017 de 18h \u00e0 20h30 \u00e0 venir rencontrer l&#8217;artiste et l&#8217;auteur lors d&#8217;une s\u00e9ance de d\u00e9dicace. 100 rue du [&hellip;]<\/p>\n","protected":false},"author":3,"featured_media":0,"comment_status":"closed","ping_status":"closed","sticky":false,"template":"","format":"standard","meta":{"_acf_changed":false,"footnotes":""},"categories":[2],"tags":[],"class_list":["post-1136","post","type-post","status-publish","format-standard","hentry","category-actualites"],"acf":[],"_links":{"self":[{"href":"https:\/\/www.editions-monelle-hayot.com\/en\/wp-json\/wp\/v2\/posts\/1136","targetHints":{"allow":["GET"]}}],"collection":[{"href":"https:\/\/www.editions-monelle-hayot.com\/en\/wp-json\/wp\/v2\/posts"}],"about":[{"href":"https:\/\/www.editions-monelle-hayot.com\/en\/wp-json\/wp\/v2\/types\/post"}],"author":[{"embeddable":true,"href":"https:\/\/www.editions-monelle-hayot.com\/en\/wp-json\/wp\/v2\/users\/3"}],"replies":[{"embeddable":true,"href":"https:\/\/www.editions-monelle-hayot.com\/en\/wp-json\/wp\/v2\/comments?post=1136"}],"version-history":[{"count":0,"href":"https:\/\/www.editions-monelle-hayot.com\/en\/wp-json\/wp\/v2\/posts\/1136\/revisions"}],"wp:attachment":[{"href":"https:\/\/www.editions-monelle-hayot.com\/en\/wp-json\/wp\/v2\/media?parent=1136"}],"wp:term":[{"taxonomy":"category","embeddable":true,"href":"https:\/\/www.editions-monelle-hayot.com\/en\/wp-json\/wp\/v2\/categories?post=1136"},{"taxonomy":"post_tag","embeddable":true,"href":"https:\/\/www.editions-monelle-hayot.com\/en\/wp-json\/wp\/v2\/tags?post=1136"}],"curies":[{"name":"wp","href":"https:\/\/api.w.org\/{rel}","templated":true}]}}