{"id":4473,"date":"2023-03-16T10:17:11","date_gmt":"2023-03-16T09:17:11","guid":{"rendered":"https:\/\/www.editions-monelle-hayot.com\/?p=4473"},"modified":"2023-03-16T10:17:11","modified_gmt":"2023-03-16T09:17:11","slug":"gerberoy-par-henri-le-sidaner","status":"publish","type":"post","link":"https:\/\/www.editions-monelle-hayot.com\/en\/2023\/03\/gerberoy-par-henri-le-sidaner\/","title":{"rendered":"Gerberoy par Henri Le Sidaner"},"content":{"rendered":"<p><a href=\"https:\/\/www.editions-monelle-hayot.com\/en\/livre\/gerberoy-par-henri-le-sidaner\/\"><img loading=\"lazy\" decoding=\"async\" class=\"alignleft wp-image-4471 size-thumbnail\" src=\"https:\/\/www.editions-monelle-hayot.com\/wp-content\/uploads\/2023\/03\/Le-Sidaner-Gerberoy-119x150.jpg\" alt=\"\" width=\"119\" height=\"150\" srcset=\"https:\/\/www.editions-monelle-hayot.com\/wp-content\/uploads\/2023\/03\/Le-Sidaner-Gerberoy-119x150.jpg 119w, https:\/\/www.editions-monelle-hayot.com\/wp-content\/uploads\/2023\/03\/Le-Sidaner-Gerberoy-316x400.jpg 316w, https:\/\/www.editions-monelle-hayot.com\/wp-content\/uploads\/2023\/03\/Le-Sidaner-Gerberoy-809x1024.jpg 809w, https:\/\/www.editions-monelle-hayot.com\/wp-content\/uploads\/2023\/03\/Le-Sidaner-Gerberoy-768x972.jpg 768w, https:\/\/www.editions-monelle-hayot.com\/wp-content\/uploads\/2023\/03\/Le-Sidaner-Gerberoy-158x200.jpg 158w, https:\/\/www.editions-monelle-hayot.com\/wp-content\/uploads\/2023\/03\/Le-Sidaner-Gerberoy-150x190.jpg 150w, https:\/\/www.editions-monelle-hayot.com\/wp-content\/uploads\/2023\/03\/Le-Sidaner-Gerberoy-600x759.jpg 600w, https:\/\/www.editions-monelle-hayot.com\/wp-content\/uploads\/2023\/03\/Le-Sidaner-Gerberoy-237x300.jpg 237w, https:\/\/www.editions-monelle-hayot.com\/wp-content\/uploads\/2023\/03\/Le-Sidaner-Gerberoy-474x600.jpg 474w, https:\/\/www.editions-monelle-hayot.com\/wp-content\/uploads\/2023\/03\/Le-Sidaner-Gerberoy.jpg 948w\" sizes=\"auto, (max-width: 119px) 100vw, 119px\" \/><\/a>Cet ouvrage qui propose une promenade dans les jardins de Gerberoy, peints par Le Sidaner au d\u00e9but du XX<sup>e<\/sup> si\u00e8cle est en vente uniquement \u00e0 Gerberoy et sur <a href=\"https:\/\/www.editions-monelle-hayot.com\/livre\/gerberoy-par-henri-le-sidaner\/\">notre site<\/a>.<\/p>","protected":false},"excerpt":{"rendered":"<p>Cet ouvrage qui propose une promenade dans les jardins de Gerberoy, peints par Le Sidaner au d\u00e9but du XXe si\u00e8cle est en vente uniquement \u00e0 Gerberoy et sur notre site.<\/p>\n","protected":false},"author":3,"featured_media":0,"comment_status":"closed","ping_status":"closed","sticky":false,"template":"","format":"standard","meta":{"_acf_changed":false,"footnotes":""},"categories":[2],"tags":[],"class_list":["post-4473","post","type-post","status-publish","format-standard","hentry","category-actualites"],"acf":[],"_links":{"self":[{"href":"https:\/\/www.editions-monelle-hayot.com\/en\/wp-json\/wp\/v2\/posts\/4473","targetHints":{"allow":["GET"]}}],"collection":[{"href":"https:\/\/www.editions-monelle-hayot.com\/en\/wp-json\/wp\/v2\/posts"}],"about":[{"href":"https:\/\/www.editions-monelle-hayot.com\/en\/wp-json\/wp\/v2\/types\/post"}],"author":[{"embeddable":true,"href":"https:\/\/www.editions-monelle-hayot.com\/en\/wp-json\/wp\/v2\/users\/3"}],"replies":[{"embeddable":true,"href":"https:\/\/www.editions-monelle-hayot.com\/en\/wp-json\/wp\/v2\/comments?post=4473"}],"version-history":[{"count":0,"href":"https:\/\/www.editions-monelle-hayot.com\/en\/wp-json\/wp\/v2\/posts\/4473\/revisions"}],"wp:attachment":[{"href":"https:\/\/www.editions-monelle-hayot.com\/en\/wp-json\/wp\/v2\/media?parent=4473"}],"wp:term":[{"taxonomy":"category","embeddable":true,"href":"https:\/\/www.editions-monelle-hayot.com\/en\/wp-json\/wp\/v2\/categories?post=4473"},{"taxonomy":"post_tag","embeddable":true,"href":"https:\/\/www.editions-monelle-hayot.com\/en\/wp-json\/wp\/v2\/tags?post=4473"}],"curies":[{"name":"wp","href":"https:\/\/api.w.org\/{rel}","templated":true}]}}